{"id":2563,"date":"2025-10-29T13:04:00","date_gmt":"2025-10-29T11:04:00","guid":{"rendered":"http:\/\/www.judo-kaufbeuren.de\/newsBlog\/?p=2563"},"modified":"2025-11-07T13:05:40","modified_gmt":"2025-11-07T11:05:40","slug":"2563","status":"publish","type":"post","link":"http:\/\/www.judo-kaufbeuren.de\/newsBlog\/?p=2563","title":{"rendered":""},"content":{"rendered":"<h5><strong><font size=\"3\"><a href=\"http:\/\/www.judo-kaufbeuren.de\/newsBlog\/wp-content\/uploads\/2025\/11\/peter-michall-traueranzeige-e0a2e4a2-099b-4ab7-a04b-cc895c493966.png\"><img decoding=\"async\" loading=\"lazy\" width=\"244\" height=\"160\" title=\"peter-michall-traueranzeige-e0a2e4a2-099b-4ab7-a04b-cc895c493966\" align=\"left\" style=\"float: left; display: inline; background-image: none;\" alt=\"peter-michall-traueranzeige-e0a2e4a2-099b-4ab7-a04b-cc895c493966\" src=\"http:\/\/www.judo-kaufbeuren.de\/newsBlog\/wp-content\/uploads\/2025\/11\/peter-michall-traueranzeige-e0a2e4a2-099b-4ab7-a04b-cc895c493966_thumb.png\" border=\"0\"><br \/><\/a><\/font><\/strong><\/h5>\n<h5><strong><font size=\"4\">Nachruf \u2013 Die Judoabteilung trauert um Peter Michall<\/font><\/strong><\/h5>\n<p><font size=\"4\">Die Judoabteilung des TV Kaufbeuren trauert um <strong>Peter Michall<\/strong>, unseren ehemaligen Abteilungsleiter und <strong>Ehrenmitglied des Vereins<\/strong>.<br \/>Mit gro\u00dfem Engagement und Herzblut hat Peter \u00fcber viele Jahre die Abteilung gepr\u00e4gt. Sein Wirken und seine Verbundenheit werden unvergessen bleiben.<\/font><\/p>\n<p><font size=\"3\"><font size=\"4\"><strong>In stillem Gedenken<\/strong><br \/>Die Judoabteilung des TV Kaufbeuren<\/font><br \/><font size=\"3\"><\/p>\n<p><\/font><\/font><\/p>\n","protected":false},"excerpt":{"rendered":"<p>Nachruf \u2013 Die Judoabteilung trauert um Peter Michall Die Judoabteilung des TV Kaufbeuren trauert um Peter Michall, unseren ehemaligen Abteilungsleiter und Ehrenmitglied des Vereins.Mit gro\u00dfem Engagement und Herzblut hat Peter \u00fcber viele Jahre die Abteilung gepr\u00e4gt. Sein Wirken und seine &hellip; <a href=\"http:\/\/www.judo-kaufbeuren.de\/newsBlog\/?p=2563\">Weiterlesen <span class=\"meta-nav\">&rarr;<\/span><\/a><\/p>\n","protected":false},"author":2,"featured_media":0,"comment_status":"closed","ping_status":"closed","sticky":false,"template":"","format":"standard","meta":{"footnotes":""},"categories":[1],"tags":[],"_links":{"self":[{"href":"http:\/\/www.judo-kaufbeuren.de\/newsBlog\/index.php?rest_route=\/wp\/v2\/posts\/2563"}],"collection":[{"href":"http:\/\/www.judo-kaufbeuren.de\/newsBlog\/index.php?rest_route=\/wp\/v2\/posts"}],"about":[{"href":"http:\/\/www.judo-kaufbeuren.de\/newsBlog\/index.php?rest_route=\/wp\/v2\/types\/post"}],"author":[{"embeddable":true,"href":"http:\/\/www.judo-kaufbeuren.de\/newsBlog\/index.php?rest_route=\/wp\/v2\/users\/2"}],"replies":[{"embeddable":true,"href":"http:\/\/www.judo-kaufbeuren.de\/newsBlog\/index.php?rest_route=%2Fwp%2Fv2%2Fcomments&post=2563"}],"version-history":[{"count":2,"href":"http:\/\/www.judo-kaufbeuren.de\/newsBlog\/index.php?rest_route=\/wp\/v2\/posts\/2563\/revisions"}],"predecessor-version":[{"id":2565,"href":"http:\/\/www.judo-kaufbeuren.de\/newsBlog\/index.php?rest_route=\/wp\/v2\/posts\/2563\/revisions\/2565"}],"wp:attachment":[{"href":"http:\/\/www.judo-kaufbeuren.de\/newsBlog\/index.php?rest_route=%2Fwp%2Fv2%2Fmedia&parent=2563"}],"wp:term":[{"taxonomy":"category","embeddable":true,"href":"http:\/\/www.judo-kaufbeuren.de\/newsBlog\/index.php?rest_route=%2Fwp%2Fv2%2Fcategories&post=2563"},{"taxonomy":"post_tag","embeddable":true,"href":"http:\/\/www.judo-kaufbeuren.de\/newsBlog\/index.php?rest_route=%2Fwp%2Fv2%2Ftags&post=2563"}],"curies":[{"name":"wp","href":"https:\/\/api.w.org\/{rel}","templated":true}]}}